{"id":7055,"date":"2026-06-23T14:36:44","date_gmt":"2026-06-23T14:36:44","guid":{"rendered":"https:\/\/lacollecte.brainmarketing.ca\/2026\/06\/23\/environment-day-fondation-la-collecte-launches-its-space-creation-service\/"},"modified":"2026-08-27T13:44:19","modified_gmt":"2026-08-27T13:44:19","slug":"environment-day-fondation-la-collecte-launches-its-space-creation-service","status":"publish","type":"post","link":"https:\/\/lacollecte.brainmarketing.ca\/en\/2026\/06\/23\/environment-day-fondation-la-collecte-launches-its-space-creation-service\/","title":{"rendered":"Environment Day: Fondation La Collecte Launches Its Space Creation Service"},"content":{"rendered":"\n<div class=\"wp-block-columns is-layout-flex wp-container-core-columns-is-layout-2eff3233 wp-block-columns-is-layout-flex\" style=\"margin-top:1rem;margin-bottom:2rem\">\n<div class=\"wp-block-column is-layout-flow wp-block-column-is-layout-flow\">\n<h2 class=\"wp-block-heading\"><strong>Instead of a big clean-up, make the most of the space you already have.<\/strong><\/h2>\n\n\n\n<p class=\"has-medium-font-size wp-block-paragraph\">On June 5, in celebration of Environment Day, Fondation La Collecte officially launches its , a new way to promote solidarity and reuse.<\/p>\n\n\n\n<p class=\"wp-block-paragraph\">The idea is simple: many people want to donate, declutter their homes, make an environmentally responsible choice and support a social cause, but they don\u2019t always have the time, transportation or energy to bring their items to a collection point.<\/p>\n\n\n\n<p class=\"wp-block-paragraph\">With the Space Creation Service, Fondation La Collecte comes to them.<\/p>\n\n\n\n<p class=\"wp-block-paragraph\">This service allows people to free up space in their home, apartment, basement, garage, closet or storage areas by donating reusable clothing and small household items they no longer need.<\/p>\n\n\n\n<p class=\"wp-block-paragraph\">Freeing up space at home can have a tangible impact in the community.<\/p>\n<\/div>\n<\/div>\n\n<div class=\"wp-block-columns is-layout-flex wp-container-core-columns-is-layout-d0fe0bae wp-block-columns-is-layout-flex\" style=\"margin-top:4rem;margin-bottom:4rem\">\n<div class=\"wp-block-column is-layout-flow wp-block-column-is-layout-flow\">\n<h3 class=\"wp-block-heading\"><strong>Create Space Without Creating Waste<\/strong><\/h3>\n\n\n\n<h5 class=\"wp-block-heading\">Launching this service on Environment Day is no coincidence.<\/h5>\n\n\n\n<p class=\"wp-block-paragraph\">At a time when overconsumption, clutter, waste and pressure on our living spaces are major concerns, Fondation La Collecte offers a simple, accessible and human solution: giving reusable clothing and small household items a second life.<\/p>\n\n\n\n<p class=\"has-medium-font-size wp-block-paragraph\">It\u2019s not about getting rid of things. It\u2019s about keeping useful items in circulation.<\/p>\n\n\n\n<p class=\"wp-block-paragraph\">Fondation La Collecte does not collect waste. It collects only reusable clothing and small household items. These items are then sorted, with every donation becoming part of a process of reuse, recovery and positive impact.  <\/p>\n\n\n\n<p class=\"has-medium-font-size wp-block-paragraph\">Donating isn\u2019t about clearing things out to throw them away. It\u2019s about making room for what matters.<\/p>\n<\/div>\n<\/div>\n\n<div class=\"wp-block-columns is-layout-flex wp-container-core-columns-is-layout-d0fe0bae wp-block-columns-is-layout-flex\" style=\"margin-top:4rem;margin-bottom:4rem\">\n<div class=\"wp-block-column is-layout-flow wp-block-column-is-layout-flow\">\n<h3 class=\"wp-block-heading\"><strong>On-Demand Home Collection<\/strong><\/h3>\n\n\n\n<h5 class=\"wp-block-heading\">The Space Creation Service is designed for people who want to donate but need a convenient solution.<\/h5>\n\n\n\n<p class=\"wp-block-paragraph\">It can be useful at many times throughout the year:<\/p>\n\n\n\n<ul class=\"wp-block-list\">\n<li>after a major clean-up;<\/li>\n\n\n\n<li>before or after a move;<\/li>\n\n\n\n<li>when the seasons change;<\/li>\n\n\n\n<li>after the holidays;<\/li>\n\n\n\n<li>after back-to-school season;<\/li>\n\n\n\n<li>when a family has accumulated too many unused clothes, bags, shoes, linens or small household items;<\/li>\n\n\n\n<li>when someone wants to declutter their space without having to travel.<\/li>\n<\/ul>\n\n\n\n<p class=\"wp-block-paragraph\">The Space Creation Service is designed for people who want to donate but need a convenient solution.<\/p>\n\n\n\n<p class=\"has-medium-font-size wp-block-paragraph\">You prepare your donations.<br\/>Fondation La Collecte comes to pick them up.<br\/>Your space can breathe again.<br\/>Your donation continues its journey.<\/p>\n<\/div>\n<\/div>\n\n<div class=\"wp-block-columns is-layout-flex wp-container-core-columns-is-layout-d0fe0bae wp-block-columns-is-layout-flex\" style=\"margin-top:4rem;margin-bottom:4rem\">\n<div class=\"wp-block-column is-layout-flow wp-block-column-is-layout-flow\">\n<h3 class=\"wp-block-heading\"><strong>More Space at Home. More Impact for Youth. <\/strong><\/h3>\n\n\n\n<h5 class=\"wp-block-heading\">Behind every bag donated, there\u2019s more than clothing changing hands. <strong>There\u2019s a mission.<\/strong><\/h5>\n\n\n\n<p class=\"wp-block-paragraph\">The reusable clothing and small household items collected by Fondation La Collecte help fund youth mentoring programs at <strong>Big Brothers Big Sisters of Greater Montreal.<\/strong><\/p>\n\n\n\n<div class=\"wp-block-columns has-white-background-color has-background is-layout-flex wp-container-core-columns-is-layout-ab903cd8 wp-block-columns-is-layout-flex\" style=\"border-top-left-radius:18px;border-top-right-radius:18px;border-bottom-left-radius:18px;border-bottom-right-radius:18px;margin-top:2rem;margin-bottom:2rem;padding-top:2rem;padding-right:2rem;padding-bottom:2rem;padding-left:2rem\">\n<div class=\"wp-block-column is-layout-flow wp-block-column-is-layout-flow\">\n<h5 class=\"wp-block-heading has-text-align-center\" style=\"font-size:24px\">That\u2019s what gives the Space Creation Service its true meaning.<\/h5>\n\n\n\n<div class=\"wp-block-columns is-layout-flex wp-container-core-columns-is-layout-7b6bcfe3 wp-block-columns-is-layout-flex\">\n<div class=\"wp-block-column is-layout-flow wp-block-column-is-layout-flow\">\n<p class=\"has-text-align-center has-medium-font-size wp-block-paragraph\"><strong>People create more space in their everyday lives.<\/strong><\/p>\n<\/div>\n\n\n\n<div class=\"wp-block-column is-layout-flow wp-block-column-is-layout-flow\">\n<p class=\"has-text-align-center has-medium-font-size wp-block-paragraph\"><strong>The Foundation creates greater impact in the community.<\/strong><\/p>\n<\/div>\n<\/div>\n<\/div>\n<\/div>\n\n\n\n<p class=\"wp-block-paragraph\">By taking this simple action, you help create opportunities for young people supported by Big Brothers Big Sisters of Greater Montreal.<\/p>\n\n\n\n<div class=\"wp-block-columns is-layout-flex wp-container-core-columns-is-layout-7387b849 wp-block-columns-is-layout-flex\">\n<div class=\"wp-block-column is-layout-flow wp-block-column-is-layout-flow\">\n<p class=\"has-medium-font-size wp-block-paragraph\"><strong>A simple action.<\/strong><\/p>\n<\/div>\n\n\n\n<div class=\"wp-block-column is-layout-flow wp-block-column-is-layout-flow\">\n<p class=\"has-medium-font-size wp-block-paragraph\"><strong>A space freed up.<\/strong><\/p>\n<\/div>\n\n\n\n<div class=\"wp-block-column is-layout-flow wp-block-column-is-layout-flow\">\n<p class=\"has-medium-font-size wp-block-paragraph\"><strong>A mission supported.<\/strong><\/p>\n<\/div>\n<\/div>\n<\/div>\n<\/div>\n\n<div class=\"wp-block-columns is-layout-flex wp-container-core-columns-is-layout-d0fe0bae wp-block-columns-is-layout-flex\" style=\"margin-top:4rem;margin-bottom:4rem\">\n<div class=\"wp-block-column is-layout-flow wp-block-column-is-layout-flow\">\n<h3 class=\"wp-block-heading\"><strong>Giving as an Environmental and Community Action<\/strong><\/h3>\n\n\n\n<p class=\"wp-block-paragraph\">Environment Day reminds us that meaningful change also starts with simple actions close to home. Reuse what already exists. Keep usable items from unnecessarily ending up in the trash. Reduce waste. Support the circular economy. Support a local cause. Take part in a tangible chain of solidarity.      <\/p>\n\n\n\n<p class=\"wp-block-paragraph\">With the Space Creation Service, Fondation La Collecte aims to make this action easier, clearer and more accessible. Because asking people to donate isn\u2019t enough. We also need to provide a solution that fits their reality.  <\/p>\n<\/div>\n<\/div>\n\n<div class=\"wp-block-columns is-layout-flex wp-container-core-columns-is-layout-d0fe0bae wp-block-columns-is-layout-flex\" style=\"margin-top:4rem;margin-bottom:4rem\">\n<div class=\"wp-block-column is-layout-flow wp-block-column-is-layout-flow\">\n<h3 class=\"wp-block-heading\"><strong>The Beginning of a Broader Ecosystem<\/strong><\/h3>\n\n\n\n<p class=\"wp-block-paragraph\">The Space Creation Service is the first step in a broader approach that Fondation La Collecte will gradually roll out.<\/p>\n\n\n\n<p class=\"wp-block-paragraph\">Over the coming months, this approach will also be introduced in other settings: residential buildings, businesses, events, schools, seniors\u2019 residences, outdoor donation bins and the Donation Centre.<\/p>\n\n\n\n<p class=\"wp-block-paragraph\">Each component will have its own role. Each setting can become a point of participation. Every donation can help make room for greater impact.  <\/p>\n\n\n\n<p class=\"has-medium-font-size wp-block-paragraph\">But today, it all starts at home.<\/p>\n\n\n\n<p class=\"wp-block-paragraph\">In closets. In basements. In garages. In spaces that have become too full. In all those places where usable clothing and small household items are still waiting for a second life.    <\/p>\n<\/div>\n<\/div>\n\n<div class=\"wp-block-columns is-layout-flex wp-container-core-columns-is-layout-d0fe0bae wp-block-columns-is-layout-flex\" style=\"margin-top:4rem;margin-bottom:4rem\">\n<div class=\"wp-block-column is-layout-flow wp-block-column-is-layout-flow\">\n<h3 class=\"wp-block-heading\"><strong>Make Room for Impact<\/strong><\/h3>\n\n\n\n<h5 class=\"wp-block-heading\">Instead of a big clean-up, make the most of the space you already have.<\/h5>\n\n\n\n<p class=\"wp-block-paragraph\">With the Space Creation Service, Fondation La Collecte helps you free up space, give your usable clothing and small household items a second life, and support a mission that makes a difference in the community.<\/p>\n\n\n\n<p class=\"has-medium-font-size wp-block-paragraph\">Today, for Environment Day, take a simple action.<br\/>Make room.<br\/>Keep useful items in circulation.<br\/>Make room for impact.<\/p>\n<\/div>\n<\/div>\n\n<div class=\"wp-block-columns is-layout-flex wp-container-core-columns-is-layout-d0fe0bae wp-block-columns-is-layout-flex\" style=\"margin-top:4rem;margin-bottom:4rem\">\n<div class=\"wp-block-column is-layout-flow wp-block-column-is-layout-flow\">\n<h3 class=\"wp-block-heading\"><strong>Request Your Home Collection<\/strong><\/h3>\n\n\n\n<h5 class=\"wp-block-heading\">Do you have usable clothing or small household items to donate?<\/h5>\n\n\n\n<p class=\"wp-block-paragraph\">Schedule your on-demand home collection with Fondation La Collecte.<\/p>\n\n\n\n<p class=\"wp-block-paragraph\">Your donations support Fondation La Collecte\u2019s mission and help fund youth mentoring programs at Big Brothers Big Sisters of Greater Montreal.<\/p>\n\n\n\n<p class=\"wp-block-paragraph\">Fondation La Collecte does not collect waste. It collects only usable clothing and small household items. <\/p>\n<\/div>\n<\/div>\n","protected":false},"excerpt":{"rendered":"<p>What if making space in your home could also make a difference in the community? To mark Environment Day, Fondation La Collecte is launching its Space Creation Service, an on-demand home collection service that makes donating easier while supporting a meaningful mission for youth in Greater Montreal. <\/p>\n","protected":false},"author":1,"featured_media":7054,"comment_status":"open","ping_status":"open","sticky":false,"template":"","format":"standard","meta":{"_acf_changed":false,"footnotes":""},"categories":[95,94],"tags":[],"class_list":["post-7055","post","type-post","status-publish","format-standard","has-post-thumbnail","hentry","category-blogue-part","category-news"],"acf":[],"yoast_head":"<!-- This site is optimized with the Yoast SEO plugin v28.2 - https:\/\/yoast.com\/product\/yoast-seo-wordpress\/ -->\n<title>Declutter Your Home by Donating | La Collecte<\/title>\n<meta name=\"description\" content=\"Declutter your home while making a difference. Discover how Fondation La Collecte makes donating clothing from home simple and convenient.\" \/>\n<meta name=\"robots\" content=\"noindex, follow, max-snippet:-1, max-image-preview:large, max-video-preview:-1\" \/>\n<meta property=\"og:locale\" content=\"en_US\" \/>\n<meta property=\"og:type\" content=\"article\" \/>\n<meta property=\"og:title\" content=\"Declutter Your Home by Donating | La Collecte\" \/>\n<meta property=\"og:description\" content=\"Declutter your home while making a difference. Discover how Fondation La Collecte makes donating clothing from home simple and convenient.\" \/>\n<meta property=\"og:url\" content=\"https:\/\/lacollecte.brainmarketing.ca\/en\/2026\/06\/23\/environment-day-fondation-la-collecte-launches-its-space-creation-service\/\" \/>\n<meta property=\"og:site_name\" content=\"Fondation la collecte\" \/>\n<meta property=\"article:published_time\" content=\"2026-06-23T14:36:44+00:00\" \/>\n<meta property=\"article:modified_time\" content=\"2026-08-27T13:44:19+00:00\" \/>\n<meta property=\"og:image\" content=\"https:\/\/lacollecte.brainmarketing.ca\/wp-content\/uploads\/2026\/06\/black-and-white-planet-outer-space-presentation-1-1024x576-2.jpg\" \/>\n\t<meta property=\"og:image:width\" content=\"1024\" \/>\n\t<meta property=\"og:image:height\" content=\"576\" \/>\n\t<meta property=\"og:image:type\" content=\"image\/jpeg\" \/>\n<meta name=\"author\" content=\"admin\" \/>\n<meta name=\"twitter:card\" content=\"summary_large_image\" \/>\n<meta name=\"twitter:label1\" content=\"Written by\" \/>\n\t<meta name=\"twitter:data1\" content=\"admin\" \/>\n\t<meta name=\"twitter:label2\" content=\"Est. reading time\" \/>\n\t<meta name=\"twitter:data2\" content=\"5 minutes\" \/>\n<script type=\"application\/ld+json\" class=\"yoast-schema-graph\">{\"@context\":\"https:\\\/\\\/schema.org\",\"@graph\":[{\"@type\":\"Article\",\"@id\":\"https:\\\/\\\/lacollecte.brainmarketing.ca\\\/en\\\/2026\\\/06\\\/23\\\/environment-day-fondation-la-collecte-launches-its-space-creation-service\\\/#article\",\"isPartOf\":{\"@id\":\"https:\\\/\\\/lacollecte.brainmarketing.ca\\\/en\\\/2026\\\/06\\\/23\\\/environment-day-fondation-la-collecte-launches-its-space-creation-service\\\/\"},\"author\":{\"name\":\"admin\",\"@id\":\"https:\\\/\\\/lacollecte.brainmarketing.ca\\\/en\\\/#\\\/schema\\\/person\\\/f1479f8b26317b9c32865979c60d4df4\"},\"headline\":\"Environment Day: Fondation La Collecte Launches Its Space Creation Service\",\"datePublished\":\"2026-06-23T14:36:44+00:00\",\"dateModified\":\"2026-08-27T13:44:19+00:00\",\"mainEntityOfPage\":{\"@id\":\"https:\\\/\\\/lacollecte.brainmarketing.ca\\\/en\\\/2026\\\/06\\\/23\\\/environment-day-fondation-la-collecte-launches-its-space-creation-service\\\/\"},\"wordCount\":821,\"commentCount\":0,\"publisher\":{\"@id\":\"https:\\\/\\\/lacollecte.brainmarketing.ca\\\/en\\\/#organization\"},\"image\":{\"@id\":\"https:\\\/\\\/lacollecte.brainmarketing.ca\\\/en\\\/2026\\\/06\\\/23\\\/environment-day-fondation-la-collecte-launches-its-space-creation-service\\\/#primaryimage\"},\"thumbnailUrl\":\"https:\\\/\\\/lacollecte.brainmarketing.ca\\\/wp-content\\\/uploads\\\/2026\\\/06\\\/black-and-white-planet-outer-space-presentation-1-1024x576-2.jpg\",\"articleSection\":[\"Blogue @ part\",\"News\"],\"inLanguage\":\"en-US\",\"potentialAction\":[{\"@type\":\"CommentAction\",\"name\":\"Comment\",\"target\":[\"https:\\\/\\\/lacollecte.brainmarketing.ca\\\/en\\\/2026\\\/06\\\/23\\\/environment-day-fondation-la-collecte-launches-its-space-creation-service\\\/#respond\"]}]},{\"@type\":\"WebPage\",\"@id\":\"https:\\\/\\\/lacollecte.brainmarketing.ca\\\/en\\\/2026\\\/06\\\/23\\\/environment-day-fondation-la-collecte-launches-its-space-creation-service\\\/\",\"url\":\"https:\\\/\\\/lacollecte.brainmarketing.ca\\\/en\\\/2026\\\/06\\\/23\\\/environment-day-fondation-la-collecte-launches-its-space-creation-service\\\/\",\"name\":\"Declutter Your Home by Donating | La Collecte\",\"isPartOf\":{\"@id\":\"https:\\\/\\\/lacollecte.brainmarketing.ca\\\/en\\\/#website\"},\"primaryImageOfPage\":{\"@id\":\"https:\\\/\\\/lacollecte.brainmarketing.ca\\\/en\\\/2026\\\/06\\\/23\\\/environment-day-fondation-la-collecte-launches-its-space-creation-service\\\/#primaryimage\"},\"image\":{\"@id\":\"https:\\\/\\\/lacollecte.brainmarketing.ca\\\/en\\\/2026\\\/06\\\/23\\\/environment-day-fondation-la-collecte-launches-its-space-creation-service\\\/#primaryimage\"},\"thumbnailUrl\":\"https:\\\/\\\/lacollecte.brainmarketing.ca\\\/wp-content\\\/uploads\\\/2026\\\/06\\\/black-and-white-planet-outer-space-presentation-1-1024x576-2.jpg\",\"datePublished\":\"2026-06-23T14:36:44+00:00\",\"dateModified\":\"2026-08-27T13:44:19+00:00\",\"description\":\"Declutter your home while making a difference. Discover how Fondation La Collecte makes donating clothing from home simple and convenient.\",\"breadcrumb\":{\"@id\":\"https:\\\/\\\/lacollecte.brainmarketing.ca\\\/en\\\/2026\\\/06\\\/23\\\/environment-day-fondation-la-collecte-launches-its-space-creation-service\\\/#breadcrumb\"},\"inLanguage\":\"en-US\",\"potentialAction\":[{\"@type\":\"ReadAction\",\"target\":[\"https:\\\/\\\/lacollecte.brainmarketing.ca\\\/en\\\/2026\\\/06\\\/23\\\/environment-day-fondation-la-collecte-launches-its-space-creation-service\\\/\"]}]},{\"@type\":\"ImageObject\",\"inLanguage\":\"en-US\",\"@id\":\"https:\\\/\\\/lacollecte.brainmarketing.ca\\\/en\\\/2026\\\/06\\\/23\\\/environment-day-fondation-la-collecte-launches-its-space-creation-service\\\/#primaryimage\",\"url\":\"https:\\\/\\\/lacollecte.brainmarketing.ca\\\/wp-content\\\/uploads\\\/2026\\\/06\\\/black-and-white-planet-outer-space-presentation-1-1024x576-2.jpg\",\"contentUrl\":\"https:\\\/\\\/lacollecte.brainmarketing.ca\\\/wp-content\\\/uploads\\\/2026\\\/06\\\/black-and-white-planet-outer-space-presentation-1-1024x576-2.jpg\",\"width\":1024,\"height\":576},{\"@type\":\"BreadcrumbList\",\"@id\":\"https:\\\/\\\/lacollecte.brainmarketing.ca\\\/en\\\/2026\\\/06\\\/23\\\/environment-day-fondation-la-collecte-launches-its-space-creation-service\\\/#breadcrumb\",\"itemListElement\":[{\"@type\":\"ListItem\",\"position\":1,\"name\":\"Home\",\"item\":\"https:\\\/\\\/lacollecte.brainmarketing.ca\\\/en\\\/\"},{\"@type\":\"ListItem\",\"position\":2,\"name\":\"Environment Day: Fondation La Collecte Launches Its Space Creation Service\"}]},{\"@type\":\"WebSite\",\"@id\":\"https:\\\/\\\/lacollecte.brainmarketing.ca\\\/en\\\/#website\",\"url\":\"https:\\\/\\\/lacollecte.brainmarketing.ca\\\/en\\\/\",\"name\":\"Fondation la collecte\",\"description\":\"La Fondation supporte la cause des Grands Fr\u00e8res Grandes Soeurs du Grand Montr\u00e9al gr\u00e2ce \u00e0 ses activit\u00e9s de collectes de dons.\",\"publisher\":{\"@id\":\"https:\\\/\\\/lacollecte.brainmarketing.ca\\\/en\\\/#organization\"},\"potentialAction\":[{\"@type\":\"SearchAction\",\"target\":{\"@type\":\"EntryPoint\",\"urlTemplate\":\"https:\\\/\\\/lacollecte.brainmarketing.ca\\\/en\\\/?s={search_term_string}\"},\"query-input\":{\"@type\":\"PropertyValueSpecification\",\"valueRequired\":true,\"valueName\":\"search_term_string\"}}],\"inLanguage\":\"en-US\"},{\"@type\":\"Organization\",\"@id\":\"https:\\\/\\\/lacollecte.brainmarketing.ca\\\/en\\\/#organization\",\"name\":\"Fondation la collecte\",\"url\":\"https:\\\/\\\/lacollecte.brainmarketing.ca\\\/en\\\/\",\"logo\":{\"@type\":\"ImageObject\",\"inLanguage\":\"en-US\",\"@id\":\"https:\\\/\\\/lacollecte.brainmarketing.ca\\\/en\\\/#\\\/schema\\\/logo\\\/image\\\/\",\"url\":\"https:\\\/\\\/lacollecte.brainmarketing.ca\\\/wp-content\\\/uploads\\\/2026\\\/05\\\/la-collecte-logo-rvb-fr.svg\",\"contentUrl\":\"https:\\\/\\\/lacollecte.brainmarketing.ca\\\/wp-content\\\/uploads\\\/2026\\\/05\\\/la-collecte-logo-rvb-fr.svg\",\"width\":1490,\"height\":421,\"caption\":\"Fondation la collecte\"},\"image\":{\"@id\":\"https:\\\/\\\/lacollecte.brainmarketing.ca\\\/en\\\/#\\\/schema\\\/logo\\\/image\\\/\"}},{\"@type\":\"Person\",\"@id\":\"https:\\\/\\\/lacollecte.brainmarketing.ca\\\/en\\\/#\\\/schema\\\/person\\\/f1479f8b26317b9c32865979c60d4df4\",\"name\":\"admin\",\"image\":{\"@type\":\"ImageObject\",\"inLanguage\":\"en-US\",\"@id\":\"https:\\\/\\\/secure.gravatar.com\\\/avatar\\\/ded7a5f8dbaa34a22f2852670606a858268a956f976d09036c735a1e5ef12f7b?s=96&d=mm&r=g\",\"url\":\"https:\\\/\\\/secure.gravatar.com\\\/avatar\\\/ded7a5f8dbaa34a22f2852670606a858268a956f976d09036c735a1e5ef12f7b?s=96&d=mm&r=g\",\"contentUrl\":\"https:\\\/\\\/secure.gravatar.com\\\/avatar\\\/ded7a5f8dbaa34a22f2852670606a858268a956f976d09036c735a1e5ef12f7b?s=96&d=mm&r=g\",\"caption\":\"admin\"},\"sameAs\":[\"https:\\\/\\\/lacollecte.brainmarketing.ca\"],\"url\":\"https:\\\/\\\/lacollecte.brainmarketing.ca\\\/en\\\/author\\\/admin\\\/\"}]}<\/script>\n<!-- \/ Yoast SEO plugin. -->","yoast_head_json":{"title":"Declutter Your Home by Donating | La Collecte","description":"Declutter your home while making a difference. Discover how Fondation La Collecte makes donating clothing from home simple and convenient.","robots":{"index":"noindex","follow":"follow","max-snippet":"max-snippet:-1","max-image-preview":"max-image-preview:large","max-video-preview":"max-video-preview:-1"},"og_locale":"en_US","og_type":"article","og_title":"Declutter Your Home by Donating | La Collecte","og_description":"Declutter your home while making a difference. Discover how Fondation La Collecte makes donating clothing from home simple and convenient.","og_url":"https:\/\/lacollecte.brainmarketing.ca\/en\/2026\/06\/23\/environment-day-fondation-la-collecte-launches-its-space-creation-service\/","og_site_name":"Fondation la collecte","article_published_time":"2026-06-23T14:36:44+00:00","article_modified_time":"2026-08-27T13:44:19+00:00","og_image":[{"width":1024,"height":576,"url":"https:\/\/lacollecte.brainmarketing.ca\/wp-content\/uploads\/2026\/06\/black-and-white-planet-outer-space-presentation-1-1024x576-2.jpg","type":"image\/jpeg"}],"author":"admin","twitter_card":"summary_large_image","twitter_misc":{"Written by":"admin","Est. reading time":"5 minutes"},"schema":{"@context":"https:\/\/schema.org","@graph":[{"@type":"Article","@id":"https:\/\/lacollecte.brainmarketing.ca\/en\/2026\/06\/23\/environment-day-fondation-la-collecte-launches-its-space-creation-service\/#article","isPartOf":{"@id":"https:\/\/lacollecte.brainmarketing.ca\/en\/2026\/06\/23\/environment-day-fondation-la-collecte-launches-its-space-creation-service\/"},"author":{"name":"admin","@id":"https:\/\/lacollecte.brainmarketing.ca\/en\/#\/schema\/person\/f1479f8b26317b9c32865979c60d4df4"},"headline":"Environment Day: Fondation La Collecte Launches Its Space Creation Service","datePublished":"2026-06-23T14:36:44+00:00","dateModified":"2026-08-27T13:44:19+00:00","mainEntityOfPage":{"@id":"https:\/\/lacollecte.brainmarketing.ca\/en\/2026\/06\/23\/environment-day-fondation-la-collecte-launches-its-space-creation-service\/"},"wordCount":821,"commentCount":0,"publisher":{"@id":"https:\/\/lacollecte.brainmarketing.ca\/en\/#organization"},"image":{"@id":"https:\/\/lacollecte.brainmarketing.ca\/en\/2026\/06\/23\/environment-day-fondation-la-collecte-launches-its-space-creation-service\/#primaryimage"},"thumbnailUrl":"https:\/\/lacollecte.brainmarketing.ca\/wp-content\/uploads\/2026\/06\/black-and-white-planet-outer-space-presentation-1-1024x576-2.jpg","articleSection":["Blogue @ part","News"],"inLanguage":"en-US","potentialAction":[{"@type":"CommentAction","name":"Comment","target":["https:\/\/lacollecte.brainmarketing.ca\/en\/2026\/06\/23\/environment-day-fondation-la-collecte-launches-its-space-creation-service\/#respond"]}]},{"@type":"WebPage","@id":"https:\/\/lacollecte.brainmarketing.ca\/en\/2026\/06\/23\/environment-day-fondation-la-collecte-launches-its-space-creation-service\/","url":"https:\/\/lacollecte.brainmarketing.ca\/en\/2026\/06\/23\/environment-day-fondation-la-collecte-launches-its-space-creation-service\/","name":"Declutter Your Home by Donating | La Collecte","isPartOf":{"@id":"https:\/\/lacollecte.brainmarketing.ca\/en\/#website"},"primaryImageOfPage":{"@id":"https:\/\/lacollecte.brainmarketing.ca\/en\/2026\/06\/23\/environment-day-fondation-la-collecte-launches-its-space-creation-service\/#primaryimage"},"image":{"@id":"https:\/\/lacollecte.brainmarketing.ca\/en\/2026\/06\/23\/environment-day-fondation-la-collecte-launches-its-space-creation-service\/#primaryimage"},"thumbnailUrl":"https:\/\/lacollecte.brainmarketing.ca\/wp-content\/uploads\/2026\/06\/black-and-white-planet-outer-space-presentation-1-1024x576-2.jpg","datePublished":"2026-06-23T14:36:44+00:00","dateModified":"2026-08-27T13:44:19+00:00","description":"Declutter your home while making a difference. Discover how Fondation La Collecte makes donating clothing from home simple and convenient.","breadcrumb":{"@id":"https:\/\/lacollecte.brainmarketing.ca\/en\/2026\/06\/23\/environment-day-fondation-la-collecte-launches-its-space-creation-service\/#breadcrumb"},"inLanguage":"en-US","potentialAction":[{"@type":"ReadAction","target":["https:\/\/lacollecte.brainmarketing.ca\/en\/2026\/06\/23\/environment-day-fondation-la-collecte-launches-its-space-creation-service\/"]}]},{"@type":"ImageObject","inLanguage":"en-US","@id":"https:\/\/lacollecte.brainmarketing.ca\/en\/2026\/06\/23\/environment-day-fondation-la-collecte-launches-its-space-creation-service\/#primaryimage","url":"https:\/\/lacollecte.brainmarketing.ca\/wp-content\/uploads\/2026\/06\/black-and-white-planet-outer-space-presentation-1-1024x576-2.jpg","contentUrl":"https:\/\/lacollecte.brainmarketing.ca\/wp-content\/uploads\/2026\/06\/black-and-white-planet-outer-space-presentation-1-1024x576-2.jpg","width":1024,"height":576},{"@type":"BreadcrumbList","@id":"https:\/\/lacollecte.brainmarketing.ca\/en\/2026\/06\/23\/environment-day-fondation-la-collecte-launches-its-space-creation-service\/#breadcrumb","itemListElement":[{"@type":"ListItem","position":1,"name":"Home","item":"https:\/\/lacollecte.brainmarketing.ca\/en\/"},{"@type":"ListItem","position":2,"name":"Environment Day: Fondation La Collecte Launches Its Space Creation Service"}]},{"@type":"WebSite","@id":"https:\/\/lacollecte.brainmarketing.ca\/en\/#website","url":"https:\/\/lacollecte.brainmarketing.ca\/en\/","name":"Fondation la collecte","description":"La Fondation supporte la cause des Grands Fr\u00e8res Grandes Soeurs du Grand Montr\u00e9al gr\u00e2ce \u00e0 ses activit\u00e9s de collectes de dons.","publisher":{"@id":"https:\/\/lacollecte.brainmarketing.ca\/en\/#organization"},"potentialAction":[{"@type":"SearchAction","target":{"@type":"EntryPoint","urlTemplate":"https:\/\/lacollecte.brainmarketing.ca\/en\/?s={search_term_string}"},"query-input":{"@type":"PropertyValueSpecification","valueRequired":true,"valueName":"search_term_string"}}],"inLanguage":"en-US"},{"@type":"Organization","@id":"https:\/\/lacollecte.brainmarketing.ca\/en\/#organization","name":"Fondation la collecte","url":"https:\/\/lacollecte.brainmarketing.ca\/en\/","logo":{"@type":"ImageObject","inLanguage":"en-US","@id":"https:\/\/lacollecte.brainmarketing.ca\/en\/#\/schema\/logo\/image\/","url":"https:\/\/lacollecte.brainmarketing.ca\/wp-content\/uploads\/2026\/05\/la-collecte-logo-rvb-fr.svg","contentUrl":"https:\/\/lacollecte.brainmarketing.ca\/wp-content\/uploads\/2026\/05\/la-collecte-logo-rvb-fr.svg","width":1490,"height":421,"caption":"Fondation la collecte"},"image":{"@id":"https:\/\/lacollecte.brainmarketing.ca\/en\/#\/schema\/logo\/image\/"}},{"@type":"Person","@id":"https:\/\/lacollecte.brainmarketing.ca\/en\/#\/schema\/person\/f1479f8b26317b9c32865979c60d4df4","name":"admin","image":{"@type":"ImageObject","inLanguage":"en-US","@id":"https:\/\/secure.gravatar.com\/avatar\/ded7a5f8dbaa34a22f2852670606a858268a956f976d09036c735a1e5ef12f7b?s=96&d=mm&r=g","url":"https:\/\/secure.gravatar.com\/avatar\/ded7a5f8dbaa34a22f2852670606a858268a956f976d09036c735a1e5ef12f7b?s=96&d=mm&r=g","contentUrl":"https:\/\/secure.gravatar.com\/avatar\/ded7a5f8dbaa34a22f2852670606a858268a956f976d09036c735a1e5ef12f7b?s=96&d=mm&r=g","caption":"admin"},"sameAs":["https:\/\/lacollecte.brainmarketing.ca"],"url":"https:\/\/lacollecte.brainmarketing.ca\/en\/author\/admin\/"}]}},"_links":{"self":[{"href":"https:\/\/lacollecte.brainmarketing.ca\/en\/wp-json\/wp\/v2\/posts\/7055","targetHints":{"allow":["GET"]}}],"collection":[{"href":"https:\/\/lacollecte.brainmarketing.ca\/en\/wp-json\/wp\/v2\/posts"}],"about":[{"href":"https:\/\/lacollecte.brainmarketing.ca\/en\/wp-json\/wp\/v2\/types\/post"}],"author":[{"embeddable":true,"href":"https:\/\/lacollecte.brainmarketing.ca\/en\/wp-json\/wp\/v2\/users\/1"}],"replies":[{"embeddable":true,"href":"https:\/\/lacollecte.brainmarketing.ca\/en\/wp-json\/wp\/v2\/comments?post=7055"}],"version-history":[{"count":1,"href":"https:\/\/lacollecte.brainmarketing.ca\/en\/wp-json\/wp\/v2\/posts\/7055\/revisions"}],"predecessor-version":[{"id":7057,"href":"https:\/\/lacollecte.brainmarketing.ca\/en\/wp-json\/wp\/v2\/posts\/7055\/revisions\/7057"}],"wp:featuredmedia":[{"embeddable":true,"href":"https:\/\/lacollecte.brainmarketing.ca\/en\/wp-json\/wp\/v2\/media\/7054"}],"wp:attachment":[{"href":"https:\/\/lacollecte.brainmarketing.ca\/en\/wp-json\/wp\/v2\/media?parent=7055"}],"wp:term":[{"taxonomy":"category","embeddable":true,"href":"https:\/\/lacollecte.brainmarketing.ca\/en\/wp-json\/wp\/v2\/categories?post=7055"},{"taxonomy":"post_tag","embeddable":true,"href":"https:\/\/lacollecte.brainmarketing.ca\/en\/wp-json\/wp\/v2\/tags?post=7055"}],"curies":[{"name":"wp","href":"https:\/\/api.w.org\/{rel}","templated":true}]}}