{"id":7073,"date":"2026-03-09T16:05:36","date_gmt":"2026-03-09T16:05:36","guid":{"rendered":"https:\/\/lacollecte.brainmarketing.ca\/2026\/03\/09\/cracking-down-on-waste-or-cracking-down-on-solidarity\/"},"modified":"2026-08-27T12:58:49","modified_gmt":"2026-08-27T12:58:49","slug":"cracking-down-on-waste-or-cracking-down-on-solidarity","status":"publish","type":"post","link":"https:\/\/lacollecte.brainmarketing.ca\/en\/2026\/03\/09\/cracking-down-on-waste-or-cracking-down-on-solidarity\/","title":{"rendered":"Cracking Down on Waste\u2026 or Cracking Down on Solidarity?"},"content":{"rendered":"\n<figure class=\"wp-block-image\"><img decoding=\"async\" src=\"https:\/\/lacollecte.brainmarketing.ca\/wp-content\/uploads\/2026\/03\/image-article-scaled.jpeg\" alt=\"\" class=\"wp-image-3454\"\/><\/figure>\n\n<hr class=\"wp-block-separator has-alpha-channel-opacity\"\/>\n\n<p class=\"wp-block-paragraph\">In recent months, waste management has been making headlines more and more often in Quebec. The article <strong>\u201cThe Garbage Police Are Watching You,\u201d<\/strong> published by the Journal de Montr\u00e9al, highlights a new reality: several municipalities are stepping up the monitoring of household waste to identify offenders. <\/p>\n\n<p class=\"wp-block-paragraph\">Bag inspections, increased monitoring of collection bins, and new measures aimed at holding residents accountable are now part of the landscape.<\/p>\n\n<p class=\"wp-block-paragraph\">In some cities, recycling bins are even <strong>equipped with chips<\/strong> to track volumes and avoid additional costs associated with excess waste.<\/p>\n\n<p class=\"wp-block-paragraph\">The goal is clear: to improve waste management and reduce misuse.<\/p>\n\n<p class=\"wp-block-paragraph\">But one question remains.<\/p>\n\n<p class=\"wp-block-paragraph\"><strong>What happens when some people simply try to get around the system?<\/strong><\/p>\n\n<hr class=\"wp-block-separator has-alpha-channel-opacity\"\/>\n\n<h2 class=\"wp-block-heading\">When Waste Changes Destination<\/h2>\n\n<p class=\"wp-block-paragraph\">In the field, our teams are witnessing a concerning trend.<\/p>\n\n<p class=\"wp-block-paragraph\">As controls around municipal waste collection tighten, some waste appears to simply be <strong>diverted elsewhere.<\/strong><\/p>\n\n<p class=\"wp-block-paragraph\">Instead of being placed in municipal waste streams, black bags of household garbage are showing up in places that were never intended to receive them:<\/p>\n\n<p class=\"wp-block-paragraph\">\u2022 commercial dumpsters<br\/>\u2022 clothing donation sites<br\/>\u2022 community collection points<\/p>\n\n<p class=\"wp-block-paragraph\">Fondation La Collecte\u2019s donation sites are no exception.<\/p>\n\n<p class=\"wp-block-paragraph\">Our teams are seeing an <strong>increase in black bags containing household waste<\/strong> being left in or around containers intended for clothing donations.<\/p>\n\n<p class=\"wp-block-paragraph\">These bags may contain:<\/p>\n\n<p class=\"wp-block-paragraph\">\u2022 household waste<br\/>\u2022 broken items<br\/>\u2022 contaminated materials<br\/>\u2022 non-recoverable waste<\/p>\n\n<p class=\"wp-block-paragraph\">In other words, materials that would normally be handled through municipal waste collection.<\/p>\n\n<hr class=\"wp-block-separator has-alpha-channel-opacity\"\/>\n\n<h2 class=\"wp-block-heading\">Clothing Collection: A Concrete Environmental Solution<\/h2>\n\n<p class=\"wp-block-paragraph\">For more than twenty-five years, Fondation La Collecte has helped divert thousands of tonnes of textiles from landfills.<\/p>\n\n<p class=\"wp-block-paragraph\">The principle is simple: collect clothing that might otherwise have been thrown away and give it a second life.<\/p>\n\n<p class=\"wp-block-paragraph\">Every bag of donated clothing represents:<\/p>\n\n<p class=\"wp-block-paragraph\">\u2022 textiles diverted from landfill<br\/>\u2022 a reduction in household waste<br\/>\u2022 resources recovered rather than discarded<\/p>\n\n<p class=\"wp-block-paragraph\">But the impact of this simple act goes far beyond the environmental benefits.<\/p>\n\n<p class=\"wp-block-paragraph\">The revenue generated through the recovery of collected clothing also helps support the mentoring programs of <strong>Big Brothers Big Sisters of Greater Montreal.<\/strong><\/p>\n\n<p class=\"wp-block-paragraph\">A simple clothing donation therefore contributes to:<\/p>\n\n<p class=\"wp-block-paragraph\">\u2022 the circular economy<br\/>\u2022 reducing textile waste<br\/>\u2022 supporting a social cause<\/p>\n\n<hr class=\"wp-block-separator has-alpha-channel-opacity\"\/>\n\n<h2 class=\"wp-block-heading\">An Environmental Paradox<\/h2>\n\n<p class=\"wp-block-paragraph\">The current situation reveals a paradox.<\/p>\n\n<p class=\"wp-block-paragraph\">On the one hand, municipalities are legitimately seeking to improve waste management and encourage residents to take greater responsibility.<\/p>\n\n<p class=\"wp-block-paragraph\">On the other hand, when certain types of waste are redirected to infrastructure that was never designed to handle them, community initiatives often bear the consequences.<\/p>\n\n<p class=\"wp-block-paragraph\">Black garbage bags left at donation sites result in:<\/p>\n\n<p class=\"wp-block-paragraph\">\u2022 additional cleanup operations<br\/>\u2022 unexpected logistical costs<br\/>\u2022 contamination of recoverable materials<br\/>\u2022 deterioration of spaces intended for community giving<\/p>\n\n<p class=\"wp-block-paragraph\">These situations remain relatively uncommon, but their increasing frequency poses a real challenge for organizations working to reduce textile waste.<\/p>\n\n<hr class=\"wp-block-separator has-alpha-channel-opacity\"\/>\n\n<h2 class=\"wp-block-heading\">Protecting Solutions That Work<\/h2>\n\n<p class=\"wp-block-paragraph\">Tackling illegal dumping is necessary.<\/p>\n\n<p class=\"wp-block-paragraph\">It protects the environment and helps keep our communities clean.<\/p>\n\n<p class=\"wp-block-paragraph\">But it must also come with recognition of the community initiatives that are already helping to reduce waste.<\/p>\n\n<p class=\"wp-block-paragraph\">Clothing collection is one of them.<\/p>\n\n<p class=\"wp-block-paragraph\">It turns a simple action\u2014donating clothing\u2014into a positive environmental and social impact.<\/p>\n\n<p class=\"wp-block-paragraph\">For this model to continue working, donation sites must be used for what they are truly intended to be:<\/p>\n\n<p class=\"wp-block-paragraph\"><strong>places for solidarity and reuse.<\/strong><\/p>\n\n<p class=\"wp-block-paragraph\">A properly donated bag of clothing can extend the life of textiles, reduce landfill waste, and support a child through a mentoring program.<\/p>\n\n<p class=\"wp-block-paragraph\">The fight against waste and community solidarity are not opposing forces.<\/p>\n\n<p class=\"wp-block-paragraph\"><strong>They should move forward together.<\/strong><\/p>\n","protected":false},"excerpt":{"rendered":"<p>In recent months, waste management has been making headlines more and more often in Quebec. The article \u201cThe Garbage Police Are Watching You,\u201d published by the Journal de Montr\u00e9al, highlights a new reality: several municipalities are stepping up the monitoring of household waste to identify offenders. Bag inspections, increased monitoring of collection bins, and new [&hellip;]<\/p>\n","protected":false},"author":1,"featured_media":0,"comment_status":"closed","ping_status":"closed","sticky":false,"template":"","format":"standard","meta":{"_acf_changed":false,"footnotes":""},"categories":[95,94],"tags":[],"class_list":["post-7073","post","type-post","status-publish","format-standard","hentry","category-blogue-part","category-news"],"acf":[],"yoast_head":"<!-- This site is optimized with the Yoast SEO plugin v28.2 - https:\/\/yoast.com\/product\/yoast-seo-wordpress\/ -->\n<title>Cracking Down on Waste\u2026 or Cracking Down on Solidarity? - Fondation la collecte<\/title>\n<meta name=\"robots\" content=\"noindex, follow, max-snippet:-1, max-image-preview:large, max-video-preview:-1\" \/>\n<meta property=\"og:locale\" content=\"en_US\" \/>\n<meta property=\"og:type\" content=\"article\" \/>\n<meta property=\"og:title\" content=\"Cracking Down on Waste\u2026 or Cracking Down on Solidarity? - Fondation la collecte\" \/>\n<meta property=\"og:description\" content=\"In recent months, waste management has been making headlines more and more often in Quebec. The article \u201cThe Garbage Police Are Watching You,\u201d published by the Journal de Montr\u00e9al, highlights a new reality: several municipalities are stepping up the monitoring of household waste to identify offenders. Bag inspections, increased monitoring of collection bins, and new [&hellip;]\" \/>\n<meta property=\"og:url\" content=\"https:\/\/lacollecte.brainmarketing.ca\/en\/2026\/03\/09\/cracking-down-on-waste-or-cracking-down-on-solidarity\/\" \/>\n<meta property=\"og:site_name\" content=\"Fondation la collecte\" \/>\n<meta property=\"article:published_time\" content=\"2026-03-09T16:05:36+00:00\" \/>\n<meta property=\"article:modified_time\" content=\"2026-08-27T12:58:49+00:00\" \/>\n<meta name=\"author\" content=\"admin\" \/>\n<meta name=\"twitter:card\" content=\"summary_large_image\" \/>\n<meta name=\"twitter:label1\" content=\"Written by\" \/>\n\t<meta name=\"twitter:data1\" content=\"admin\" \/>\n\t<meta name=\"twitter:label2\" content=\"Est. reading time\" \/>\n\t<meta name=\"twitter:data2\" content=\"3 minutes\" \/>\n<script type=\"application\/ld+json\" class=\"yoast-schema-graph\">{\"@context\":\"https:\\\/\\\/schema.org\",\"@graph\":[{\"@type\":\"Article\",\"@id\":\"https:\\\/\\\/lacollecte.brainmarketing.ca\\\/en\\\/2026\\\/03\\\/09\\\/cracking-down-on-waste-or-cracking-down-on-solidarity\\\/#article\",\"isPartOf\":{\"@id\":\"https:\\\/\\\/lacollecte.brainmarketing.ca\\\/en\\\/2026\\\/03\\\/09\\\/cracking-down-on-waste-or-cracking-down-on-solidarity\\\/\"},\"author\":{\"name\":\"admin\",\"@id\":\"https:\\\/\\\/lacollecte.brainmarketing.ca\\\/en\\\/#\\\/schema\\\/person\\\/f1479f8b26317b9c32865979c60d4df4\"},\"headline\":\"Cracking Down on Waste\u2026 or Cracking Down on Solidarity?\",\"datePublished\":\"2026-03-09T16:05:36+00:00\",\"dateModified\":\"2026-08-27T12:58:49+00:00\",\"mainEntityOfPage\":{\"@id\":\"https:\\\/\\\/lacollecte.brainmarketing.ca\\\/en\\\/2026\\\/03\\\/09\\\/cracking-down-on-waste-or-cracking-down-on-solidarity\\\/\"},\"wordCount\":579,\"publisher\":{\"@id\":\"https:\\\/\\\/lacollecte.brainmarketing.ca\\\/en\\\/#organization\"},\"image\":{\"@id\":\"https:\\\/\\\/lacollecte.brainmarketing.ca\\\/en\\\/2026\\\/03\\\/09\\\/cracking-down-on-waste-or-cracking-down-on-solidarity\\\/#primaryimage\"},\"thumbnailUrl\":\"https:\\\/\\\/lacollecte.brainmarketing.ca\\\/wp-content\\\/uploads\\\/2026\\\/03\\\/image-article-scaled.jpeg\",\"articleSection\":[\"Blogue @ part\",\"News\"],\"inLanguage\":\"en-US\"},{\"@type\":\"WebPage\",\"@id\":\"https:\\\/\\\/lacollecte.brainmarketing.ca\\\/en\\\/2026\\\/03\\\/09\\\/cracking-down-on-waste-or-cracking-down-on-solidarity\\\/\",\"url\":\"https:\\\/\\\/lacollecte.brainmarketing.ca\\\/en\\\/2026\\\/03\\\/09\\\/cracking-down-on-waste-or-cracking-down-on-solidarity\\\/\",\"name\":\"Cracking Down on Waste\u2026 or Cracking Down on Solidarity? - Fondation la collecte\",\"isPartOf\":{\"@id\":\"https:\\\/\\\/lacollecte.brainmarketing.ca\\\/en\\\/#website\"},\"primaryImageOfPage\":{\"@id\":\"https:\\\/\\\/lacollecte.brainmarketing.ca\\\/en\\\/2026\\\/03\\\/09\\\/cracking-down-on-waste-or-cracking-down-on-solidarity\\\/#primaryimage\"},\"image\":{\"@id\":\"https:\\\/\\\/lacollecte.brainmarketing.ca\\\/en\\\/2026\\\/03\\\/09\\\/cracking-down-on-waste-or-cracking-down-on-solidarity\\\/#primaryimage\"},\"thumbnailUrl\":\"https:\\\/\\\/lacollecte.brainmarketing.ca\\\/wp-content\\\/uploads\\\/2026\\\/03\\\/image-article-scaled.jpeg\",\"datePublished\":\"2026-03-09T16:05:36+00:00\",\"dateModified\":\"2026-08-27T12:58:49+00:00\",\"breadcrumb\":{\"@id\":\"https:\\\/\\\/lacollecte.brainmarketing.ca\\\/en\\\/2026\\\/03\\\/09\\\/cracking-down-on-waste-or-cracking-down-on-solidarity\\\/#breadcrumb\"},\"inLanguage\":\"en-US\",\"potentialAction\":[{\"@type\":\"ReadAction\",\"target\":[\"https:\\\/\\\/lacollecte.brainmarketing.ca\\\/en\\\/2026\\\/03\\\/09\\\/cracking-down-on-waste-or-cracking-down-on-solidarity\\\/\"]}]},{\"@type\":\"ImageObject\",\"inLanguage\":\"en-US\",\"@id\":\"https:\\\/\\\/lacollecte.brainmarketing.ca\\\/en\\\/2026\\\/03\\\/09\\\/cracking-down-on-waste-or-cracking-down-on-solidarity\\\/#primaryimage\",\"url\":\"https:\\\/\\\/lacollecte.brainmarketing.ca\\\/wp-content\\\/uploads\\\/2026\\\/03\\\/image-article-scaled.jpeg\",\"contentUrl\":\"https:\\\/\\\/lacollecte.brainmarketing.ca\\\/wp-content\\\/uploads\\\/2026\\\/03\\\/image-article-scaled.jpeg\"},{\"@type\":\"BreadcrumbList\",\"@id\":\"https:\\\/\\\/lacollecte.brainmarketing.ca\\\/en\\\/2026\\\/03\\\/09\\\/cracking-down-on-waste-or-cracking-down-on-solidarity\\\/#breadcrumb\",\"itemListElement\":[{\"@type\":\"ListItem\",\"position\":1,\"name\":\"Home\",\"item\":\"https:\\\/\\\/lacollecte.brainmarketing.ca\\\/en\\\/\"},{\"@type\":\"ListItem\",\"position\":2,\"name\":\"Cracking Down on Waste\u2026 or Cracking Down on Solidarity?\"}]},{\"@type\":\"WebSite\",\"@id\":\"https:\\\/\\\/lacollecte.brainmarketing.ca\\\/en\\\/#website\",\"url\":\"https:\\\/\\\/lacollecte.brainmarketing.ca\\\/en\\\/\",\"name\":\"Fondation la collecte\",\"description\":\"La Fondation supporte la cause des Grands Fr\u00e8res Grandes Soeurs du Grand Montr\u00e9al gr\u00e2ce \u00e0 ses activit\u00e9s de collectes de dons.\",\"publisher\":{\"@id\":\"https:\\\/\\\/lacollecte.brainmarketing.ca\\\/en\\\/#organization\"},\"potentialAction\":[{\"@type\":\"SearchAction\",\"target\":{\"@type\":\"EntryPoint\",\"urlTemplate\":\"https:\\\/\\\/lacollecte.brainmarketing.ca\\\/en\\\/?s={search_term_string}\"},\"query-input\":{\"@type\":\"PropertyValueSpecification\",\"valueRequired\":true,\"valueName\":\"search_term_string\"}}],\"inLanguage\":\"en-US\"},{\"@type\":\"Organization\",\"@id\":\"https:\\\/\\\/lacollecte.brainmarketing.ca\\\/en\\\/#organization\",\"name\":\"Fondation la collecte\",\"url\":\"https:\\\/\\\/lacollecte.brainmarketing.ca\\\/en\\\/\",\"logo\":{\"@type\":\"ImageObject\",\"inLanguage\":\"en-US\",\"@id\":\"https:\\\/\\\/lacollecte.brainmarketing.ca\\\/en\\\/#\\\/schema\\\/logo\\\/image\\\/\",\"url\":\"https:\\\/\\\/lacollecte.brainmarketing.ca\\\/wp-content\\\/uploads\\\/2026\\\/05\\\/la-collecte-logo-rvb-fr.svg\",\"contentUrl\":\"https:\\\/\\\/lacollecte.brainmarketing.ca\\\/wp-content\\\/uploads\\\/2026\\\/05\\\/la-collecte-logo-rvb-fr.svg\",\"width\":1490,\"height\":421,\"caption\":\"Fondation la collecte\"},\"image\":{\"@id\":\"https:\\\/\\\/lacollecte.brainmarketing.ca\\\/en\\\/#\\\/schema\\\/logo\\\/image\\\/\"}},{\"@type\":\"Person\",\"@id\":\"https:\\\/\\\/lacollecte.brainmarketing.ca\\\/en\\\/#\\\/schema\\\/person\\\/f1479f8b26317b9c32865979c60d4df4\",\"name\":\"admin\",\"image\":{\"@type\":\"ImageObject\",\"inLanguage\":\"en-US\",\"@id\":\"https:\\\/\\\/secure.gravatar.com\\\/avatar\\\/ded7a5f8dbaa34a22f2852670606a858268a956f976d09036c735a1e5ef12f7b?s=96&d=mm&r=g\",\"url\":\"https:\\\/\\\/secure.gravatar.com\\\/avatar\\\/ded7a5f8dbaa34a22f2852670606a858268a956f976d09036c735a1e5ef12f7b?s=96&d=mm&r=g\",\"contentUrl\":\"https:\\\/\\\/secure.gravatar.com\\\/avatar\\\/ded7a5f8dbaa34a22f2852670606a858268a956f976d09036c735a1e5ef12f7b?s=96&d=mm&r=g\",\"caption\":\"admin\"},\"sameAs\":[\"https:\\\/\\\/lacollecte.brainmarketing.ca\"],\"url\":\"https:\\\/\\\/lacollecte.brainmarketing.ca\\\/en\\\/author\\\/admin\\\/\"}]}<\/script>\n<!-- \/ Yoast SEO plugin. -->","yoast_head_json":{"title":"Cracking Down on Waste\u2026 or Cracking Down on Solidarity? - Fondation la collecte","robots":{"index":"noindex","follow":"follow","max-snippet":"max-snippet:-1","max-image-preview":"max-image-preview:large","max-video-preview":"max-video-preview:-1"},"og_locale":"en_US","og_type":"article","og_title":"Cracking Down on Waste\u2026 or Cracking Down on Solidarity? - Fondation la collecte","og_description":"In recent months, waste management has been making headlines more and more often in Quebec. The article \u201cThe Garbage Police Are Watching You,\u201d published by the Journal de Montr\u00e9al, highlights a new reality: several municipalities are stepping up the monitoring of household waste to identify offenders. Bag inspections, increased monitoring of collection bins, and new [&hellip;]","og_url":"https:\/\/lacollecte.brainmarketing.ca\/en\/2026\/03\/09\/cracking-down-on-waste-or-cracking-down-on-solidarity\/","og_site_name":"Fondation la collecte","article_published_time":"2026-03-09T16:05:36+00:00","article_modified_time":"2026-08-27T12:58:49+00:00","author":"admin","twitter_card":"summary_large_image","twitter_misc":{"Written by":"admin","Est. reading time":"3 minutes"},"schema":{"@context":"https:\/\/schema.org","@graph":[{"@type":"Article","@id":"https:\/\/lacollecte.brainmarketing.ca\/en\/2026\/03\/09\/cracking-down-on-waste-or-cracking-down-on-solidarity\/#article","isPartOf":{"@id":"https:\/\/lacollecte.brainmarketing.ca\/en\/2026\/03\/09\/cracking-down-on-waste-or-cracking-down-on-solidarity\/"},"author":{"name":"admin","@id":"https:\/\/lacollecte.brainmarketing.ca\/en\/#\/schema\/person\/f1479f8b26317b9c32865979c60d4df4"},"headline":"Cracking Down on Waste\u2026 or Cracking Down on Solidarity?","datePublished":"2026-03-09T16:05:36+00:00","dateModified":"2026-08-27T12:58:49+00:00","mainEntityOfPage":{"@id":"https:\/\/lacollecte.brainmarketing.ca\/en\/2026\/03\/09\/cracking-down-on-waste-or-cracking-down-on-solidarity\/"},"wordCount":579,"publisher":{"@id":"https:\/\/lacollecte.brainmarketing.ca\/en\/#organization"},"image":{"@id":"https:\/\/lacollecte.brainmarketing.ca\/en\/2026\/03\/09\/cracking-down-on-waste-or-cracking-down-on-solidarity\/#primaryimage"},"thumbnailUrl":"https:\/\/lacollecte.brainmarketing.ca\/wp-content\/uploads\/2026\/03\/image-article-scaled.jpeg","articleSection":["Blogue @ part","News"],"inLanguage":"en-US"},{"@type":"WebPage","@id":"https:\/\/lacollecte.brainmarketing.ca\/en\/2026\/03\/09\/cracking-down-on-waste-or-cracking-down-on-solidarity\/","url":"https:\/\/lacollecte.brainmarketing.ca\/en\/2026\/03\/09\/cracking-down-on-waste-or-cracking-down-on-solidarity\/","name":"Cracking Down on Waste\u2026 or Cracking Down on Solidarity? - Fondation la collecte","isPartOf":{"@id":"https:\/\/lacollecte.brainmarketing.ca\/en\/#website"},"primaryImageOfPage":{"@id":"https:\/\/lacollecte.brainmarketing.ca\/en\/2026\/03\/09\/cracking-down-on-waste-or-cracking-down-on-solidarity\/#primaryimage"},"image":{"@id":"https:\/\/lacollecte.brainmarketing.ca\/en\/2026\/03\/09\/cracking-down-on-waste-or-cracking-down-on-solidarity\/#primaryimage"},"thumbnailUrl":"https:\/\/lacollecte.brainmarketing.ca\/wp-content\/uploads\/2026\/03\/image-article-scaled.jpeg","datePublished":"2026-03-09T16:05:36+00:00","dateModified":"2026-08-27T12:58:49+00:00","breadcrumb":{"@id":"https:\/\/lacollecte.brainmarketing.ca\/en\/2026\/03\/09\/cracking-down-on-waste-or-cracking-down-on-solidarity\/#breadcrumb"},"inLanguage":"en-US","potentialAction":[{"@type":"ReadAction","target":["https:\/\/lacollecte.brainmarketing.ca\/en\/2026\/03\/09\/cracking-down-on-waste-or-cracking-down-on-solidarity\/"]}]},{"@type":"ImageObject","inLanguage":"en-US","@id":"https:\/\/lacollecte.brainmarketing.ca\/en\/2026\/03\/09\/cracking-down-on-waste-or-cracking-down-on-solidarity\/#primaryimage","url":"https:\/\/lacollecte.brainmarketing.ca\/wp-content\/uploads\/2026\/03\/image-article-scaled.jpeg","contentUrl":"https:\/\/lacollecte.brainmarketing.ca\/wp-content\/uploads\/2026\/03\/image-article-scaled.jpeg"},{"@type":"BreadcrumbList","@id":"https:\/\/lacollecte.brainmarketing.ca\/en\/2026\/03\/09\/cracking-down-on-waste-or-cracking-down-on-solidarity\/#breadcrumb","itemListElement":[{"@type":"ListItem","position":1,"name":"Home","item":"https:\/\/lacollecte.brainmarketing.ca\/en\/"},{"@type":"ListItem","position":2,"name":"Cracking Down on Waste\u2026 or Cracking Down on Solidarity?"}]},{"@type":"WebSite","@id":"https:\/\/lacollecte.brainmarketing.ca\/en\/#website","url":"https:\/\/lacollecte.brainmarketing.ca\/en\/","name":"Fondation la collecte","description":"La Fondation supporte la cause des Grands Fr\u00e8res Grandes Soeurs du Grand Montr\u00e9al gr\u00e2ce \u00e0 ses activit\u00e9s de collectes de dons.","publisher":{"@id":"https:\/\/lacollecte.brainmarketing.ca\/en\/#organization"},"potentialAction":[{"@type":"SearchAction","target":{"@type":"EntryPoint","urlTemplate":"https:\/\/lacollecte.brainmarketing.ca\/en\/?s={search_term_string}"},"query-input":{"@type":"PropertyValueSpecification","valueRequired":true,"valueName":"search_term_string"}}],"inLanguage":"en-US"},{"@type":"Organization","@id":"https:\/\/lacollecte.brainmarketing.ca\/en\/#organization","name":"Fondation la collecte","url":"https:\/\/lacollecte.brainmarketing.ca\/en\/","logo":{"@type":"ImageObject","inLanguage":"en-US","@id":"https:\/\/lacollecte.brainmarketing.ca\/en\/#\/schema\/logo\/image\/","url":"https:\/\/lacollecte.brainmarketing.ca\/wp-content\/uploads\/2026\/05\/la-collecte-logo-rvb-fr.svg","contentUrl":"https:\/\/lacollecte.brainmarketing.ca\/wp-content\/uploads\/2026\/05\/la-collecte-logo-rvb-fr.svg","width":1490,"height":421,"caption":"Fondation la collecte"},"image":{"@id":"https:\/\/lacollecte.brainmarketing.ca\/en\/#\/schema\/logo\/image\/"}},{"@type":"Person","@id":"https:\/\/lacollecte.brainmarketing.ca\/en\/#\/schema\/person\/f1479f8b26317b9c32865979c60d4df4","name":"admin","image":{"@type":"ImageObject","inLanguage":"en-US","@id":"https:\/\/secure.gravatar.com\/avatar\/ded7a5f8dbaa34a22f2852670606a858268a956f976d09036c735a1e5ef12f7b?s=96&d=mm&r=g","url":"https:\/\/secure.gravatar.com\/avatar\/ded7a5f8dbaa34a22f2852670606a858268a956f976d09036c735a1e5ef12f7b?s=96&d=mm&r=g","contentUrl":"https:\/\/secure.gravatar.com\/avatar\/ded7a5f8dbaa34a22f2852670606a858268a956f976d09036c735a1e5ef12f7b?s=96&d=mm&r=g","caption":"admin"},"sameAs":["https:\/\/lacollecte.brainmarketing.ca"],"url":"https:\/\/lacollecte.brainmarketing.ca\/en\/author\/admin\/"}]}},"_links":{"self":[{"href":"https:\/\/lacollecte.brainmarketing.ca\/en\/wp-json\/wp\/v2\/posts\/7073","targetHints":{"allow":["GET"]}}],"collection":[{"href":"https:\/\/lacollecte.brainmarketing.ca\/en\/wp-json\/wp\/v2\/posts"}],"about":[{"href":"https:\/\/lacollecte.brainmarketing.ca\/en\/wp-json\/wp\/v2\/types\/post"}],"author":[{"embeddable":true,"href":"https:\/\/lacollecte.brainmarketing.ca\/en\/wp-json\/wp\/v2\/users\/1"}],"replies":[{"embeddable":true,"href":"https:\/\/lacollecte.brainmarketing.ca\/en\/wp-json\/wp\/v2\/comments?post=7073"}],"version-history":[{"count":1,"href":"https:\/\/lacollecte.brainmarketing.ca\/en\/wp-json\/wp\/v2\/posts\/7073\/revisions"}],"predecessor-version":[{"id":7074,"href":"https:\/\/lacollecte.brainmarketing.ca\/en\/wp-json\/wp\/v2\/posts\/7073\/revisions\/7074"}],"wp:attachment":[{"href":"https:\/\/lacollecte.brainmarketing.ca\/en\/wp-json\/wp\/v2\/media?parent=7073"}],"wp:term":[{"taxonomy":"category","embeddable":true,"href":"https:\/\/lacollecte.brainmarketing.ca\/en\/wp-json\/wp\/v2\/categories?post=7073"},{"taxonomy":"post_tag","embeddable":true,"href":"https:\/\/lacollecte.brainmarketing.ca\/en\/wp-json\/wp\/v2\/tags?post=7073"}],"curies":[{"name":"wp","href":"https:\/\/api.w.org\/{rel}","templated":true}]}}